{"id":917,"date":"2013-04-16T15:01:24","date_gmt":"2013-04-16T13:01:24","guid":{"rendered":"http:\/\/cequejevois.net?p=917"},"modified":"2015-07-25T00:48:44","modified_gmt":"2015-07-24T22:48:44","slug":"flower-power","status":"publish","type":"post","link":"https:\/\/cequejevois.net\/blog\/sortir\/flower-power\/","title":{"rendered":"Flower power"},"content":{"rendered":"<p>Dimanche dernier, la journ\u00e9e f\u00fbt chaude, tr\u00e8s chaude m\u00eame pour la saison. On se serait cru au printemps. Nous avons \u00e9t\u00e9 des centaines \u00e0 nous dire qu&rsquo;un petit pic-nic aux Buttes Chaumont \u00e9tait une bonne id\u00e9e.<\/p>\n<p>Voil\u00e0 le r\u00e9sultat :<\/p>\n<div id=\"attachment_918\" style=\"width: 560px\" class=\"wp-caption aligncenter\"><a href=\"https:\/\/cequejevois.net\/blog\/wp-content\/uploads\/2013\/04\/2013-04-14-17.07.32.jpg\"><img loading=\"lazy\" decoding=\"async\" aria-describedby=\"caption-attachment-918\" class=\"size-medium wp-image-918\" alt=\"Pic-nic tranquille aux Buttes-Chaumont\" src=\"https:\/\/cequejevois.net\/blog\/wp-content\/uploads\/2013\/04\/2013-04-14-17.07.32-550x412.jpg\" width=\"550\" height=\"412\" srcset=\"https:\/\/cequejevois.net\/blog\/wp-content\/uploads\/2013\/04\/2013-04-14-17.07.32-550x412.jpg 550w, https:\/\/cequejevois.net\/blog\/wp-content\/uploads\/2013\/04\/2013-04-14-17.07.32-1024x768.jpg 1024w\" sizes=\"(max-width: 550px) 100vw, 550px\" \/><\/a><p id=\"caption-attachment-918\" class=\"wp-caption-text\">Pic-nic tranquille aux Buttes-Chaumont<\/p><\/div>\n<p>Il est triste, je trouve, de constater \u00e0 tel point tout le monde ait autant besoin de voir du vert et de s&rsquo;installer dans l&rsquo;herbe qu&rsquo;il semble \u00ab\u00a0acceptable\u00a0\u00bb pour ce faire de s&rsquo;agglutiner les uns aux autres. Paris manque cruellement d&rsquo;espaces verts.<\/p>\n","protected":false},"excerpt":{"rendered":"<p>Dimanche dernier, la journ\u00e9e f\u00fbt chaude, tr\u00e8s chaude m\u00eame pour la saison. On se serait cru au printemps. Nous avons \u00e9t\u00e9 des centaines \u00e0 nous dire qu&rsquo;un petit pic-nic aux Buttes Chaumont \u00e9tait une bonne id\u00e9e. Voil\u00e0 le r\u00e9sultat : Il est triste, je trouve, de constater \u00e0 tel point tout le monde ait autant [&hellip;]<\/p>\n","protected":false},"author":1,"featured_media":0,"comment_status":"open","ping_status":"open","sticky":false,"template":"","format":"standard","meta":{"_et_pb_use_builder":"","_et_pb_old_content":"","_et_gb_content_width":"","footnotes":""},"categories":[13],"tags":[],"_links":{"self":[{"href":"https:\/\/cequejevois.net\/blog\/wp-json\/wp\/v2\/posts\/917"}],"collection":[{"href":"https:\/\/cequejevois.net\/blog\/wp-json\/wp\/v2\/posts"}],"about":[{"href":"https:\/\/cequejevois.net\/blog\/wp-json\/wp\/v2\/types\/post"}],"author":[{"embeddable":true,"href":"https:\/\/cequejevois.net\/blog\/wp-json\/wp\/v2\/users\/1"}],"replies":[{"embeddable":true,"href":"https:\/\/cequejevois.net\/blog\/wp-json\/wp\/v2\/comments?post=917"}],"version-history":[{"count":5,"href":"https:\/\/cequejevois.net\/blog\/wp-json\/wp\/v2\/posts\/917\/revisions"}],"predecessor-version":[{"id":1282,"href":"https:\/\/cequejevois.net\/blog\/wp-json\/wp\/v2\/posts\/917\/revisions\/1282"}],"wp:attachment":[{"href":"https:\/\/cequejevois.net\/blog\/wp-json\/wp\/v2\/media?parent=917"}],"wp:term":[{"taxonomy":"category","embeddable":true,"href":"https:\/\/cequejevois.net\/blog\/wp-json\/wp\/v2\/categories?post=917"},{"taxonomy":"post_tag","embeddable":true,"href":"https:\/\/cequejevois.net\/blog\/wp-json\/wp\/v2\/tags?post=917"}],"curies":[{"name":"wp","href":"https:\/\/api.w.org\/{rel}","templated":true}]}}