{"id":858,"date":"2013-01-23T22:45:12","date_gmt":"2013-01-23T21:45:12","guid":{"rendered":"http:\/\/cequejevois.net?p=858"},"modified":"2015-09-15T00:15:40","modified_gmt":"2015-09-14T22:15:40","slug":"le-bois-de-vincennes-sous-la-neige","status":"publish","type":"post","link":"https:\/\/cequejevois.net\/blog\/sortir\/le-bois-de-vincennes-sous-la-neige\/","title":{"rendered":"le bois de Vincennes sous la neige"},"content":{"rendered":"<p>Evidemment, je ne dois pas \u00eatre le seul \u00e0 poster des photos de Paris sous la neige le week-end dernier mais c&rsquo;\u00e9tait tellement beau que je ne vais pas me priver.<\/p>\n<p>Or donc, je me suis ballad\u00e9 dans le bois de Vincennes, \u00e0 la recherche d&rsquo;espaces immacul\u00e9s pour me sentir \u00e0 la montagne.<\/p>\n<p>Quelques photos :<\/p>\n<div id=\"attachment_859\" style=\"width: 560px\" class=\"wp-caption aligncenter\"><a href=\"https:\/\/cequejevois.net\/blog\/wp-content\/uploads\/2013\/01\/IMG_1471.jpg\"><img loading=\"lazy\" decoding=\"async\" aria-describedby=\"caption-attachment-859\" class=\"size-medium wp-image-859\" alt=\"le lac Daumesnil du bois de Vincennes\" src=\"https:\/\/cequejevois.net\/blog\/wp-content\/uploads\/2013\/01\/IMG_1471-550x412.jpg\" width=\"550\" height=\"412\" srcset=\"https:\/\/cequejevois.net\/blog\/wp-content\/uploads\/2013\/01\/IMG_1471-550x412.jpg 550w, https:\/\/cequejevois.net\/blog\/wp-content\/uploads\/2013\/01\/IMG_1471-1024x768.jpg 1024w\" sizes=\"(max-width: 550px) 100vw, 550px\" \/><\/a><p id=\"caption-attachment-859\" class=\"wp-caption-text\">le lac Daumesnil, bois de Vincennes<\/p><\/div>\n<p>&nbsp;<\/p>\n<div id=\"attachment_860\" style=\"width: 560px\" class=\"wp-caption aligncenter\"><a href=\"https:\/\/cequejevois.net\/blog\/wp-content\/uploads\/2013\/01\/IMG_1478.jpg\"><img loading=\"lazy\" decoding=\"async\" aria-describedby=\"caption-attachment-860\" class=\"size-medium wp-image-860\" alt=\"des skieurs de fond au bois de Vincennes\" src=\"https:\/\/cequejevois.net\/blog\/wp-content\/uploads\/2013\/01\/IMG_1478-550x412.jpg\" width=\"550\" height=\"412\" srcset=\"https:\/\/cequejevois.net\/blog\/wp-content\/uploads\/2013\/01\/IMG_1478-550x412.jpg 550w, https:\/\/cequejevois.net\/blog\/wp-content\/uploads\/2013\/01\/IMG_1478-1024x768.jpg 1024w\" sizes=\"(max-width: 550px) 100vw, 550px\" \/><\/a><p id=\"caption-attachment-860\" class=\"wp-caption-text\">des skieurs de fond au bois de Vincennes<\/p><\/div>\n<p>&nbsp;<\/p>\n<p>Il parait m\u00eame que ce week-end l\u00e0, au parc des buttes Chaumont, il y avait des personnes qui faisaient de la luge dans des cano\u00ebs.<\/p>\n<p>Personnellement, <em>ce que j&rsquo;ai vu<\/em>, c&rsquo;est un mec prendre le m\u00e9tro \u00e0 la station Colonel Fabien (donc pas loin du parc des Buttes Chaumont) avec son surf des neiges sous le bras, la combinaison ad hoc et de la neige partout sur lui&#8230;Trop fort !<\/p>\n","protected":false},"excerpt":{"rendered":"<p>Evidemment, je ne dois pas \u00eatre le seul \u00e0 poster des photos de Paris sous la neige le week-end dernier mais c&rsquo;\u00e9tait tellement beau que je ne vais pas me priver. Or donc, je me suis ballad\u00e9 dans le bois de Vincennes, \u00e0 la recherche d&rsquo;espaces immacul\u00e9s pour me sentir \u00e0 la montagne. Quelques photos [&hellip;]<\/p>\n","protected":false},"author":1,"featured_media":0,"comment_status":"open","ping_status":"open","sticky":false,"template":"","format":"standard","meta":{"_et_pb_use_builder":"","_et_pb_old_content":"","_et_gb_content_width":"","footnotes":""},"categories":[13],"tags":[],"_links":{"self":[{"href":"https:\/\/cequejevois.net\/blog\/wp-json\/wp\/v2\/posts\/858"}],"collection":[{"href":"https:\/\/cequejevois.net\/blog\/wp-json\/wp\/v2\/posts"}],"about":[{"href":"https:\/\/cequejevois.net\/blog\/wp-json\/wp\/v2\/types\/post"}],"author":[{"embeddable":true,"href":"https:\/\/cequejevois.net\/blog\/wp-json\/wp\/v2\/users\/1"}],"replies":[{"embeddable":true,"href":"https:\/\/cequejevois.net\/blog\/wp-json\/wp\/v2\/comments?post=858"}],"version-history":[{"count":5,"href":"https:\/\/cequejevois.net\/blog\/wp-json\/wp\/v2\/posts\/858\/revisions"}],"predecessor-version":[{"id":1413,"href":"https:\/\/cequejevois.net\/blog\/wp-json\/wp\/v2\/posts\/858\/revisions\/1413"}],"wp:attachment":[{"href":"https:\/\/cequejevois.net\/blog\/wp-json\/wp\/v2\/media?parent=858"}],"wp:term":[{"taxonomy":"category","embeddable":true,"href":"https:\/\/cequejevois.net\/blog\/wp-json\/wp\/v2\/categories?post=858"},{"taxonomy":"post_tag","embeddable":true,"href":"https:\/\/cequejevois.net\/blog\/wp-json\/wp\/v2\/tags?post=858"}],"curies":[{"name":"wp","href":"https:\/\/api.w.org\/{rel}","templated":true}]}}