{"id":85,"date":"2011-02-28T22:55:30","date_gmt":"2011-02-28T21:55:30","guid":{"rendered":"http:\/\/cequejevois.net?p=85"},"modified":"2022-09-26T23:15:18","modified_gmt":"2022-09-26T21:15:18","slug":"subjectif-21","status":"publish","type":"post","link":"https:\/\/cequejevois.net\/blog\/musique\/subjectif-21\/","title":{"rendered":"Subjectif 21"},"content":{"rendered":"<p>Le lundi c&rsquo;est souvent le moment d&rsquo;\u00e9couter en podcast l&rsquo;excellente \u00e9mission de <a href=\"http:\/\/fr.wikipedia.org\/wiki\/Michka_Assayas\">Michka Assayas<\/a> sur France Musique :\u00a0subjectif 21.<\/p>\n<p>Pour rendre \u00e0 C\u00e9sar ce qui appartient \u00e0 C\u00e9sar ; c&rsquo;est gr\u00e2ce \u00e0 <a href=\"http:\/\/martin-dessin.blogspot.com\/\">Martin<\/a> que j&rsquo;ai connu cette \u00e9mission il y a bien longtemps. Je ne le remercierai jamais assez.<\/p>\n<p>Rien \u00e0 voir avec \u00ab\u00a0Electron libre\u00a0\u00bb (du bla bla essentiellement), les podcast de <a href=\"http:\/\/www.tsugi.fr\/\">Tsugi<\/a> (tr\u00e8s tr\u00e8s house) ou <a href=\"https:\/\/fr.wikipedia.org\/wiki\/Syst%C3%A8me_Disque\">syst\u00e8me disque<\/a> (plut\u00f4t orient\u00e9 professionnels de la profession o\u00f9 l&rsquo;on s&rsquo;auto-congratule et on se rend visite au <a href=\"http:\/\/www.midem.com\/\">Midem<\/a>).<\/p>\n<p>Non, ici on parle de culture musicale. Et de plus, <em>ce que je vois<\/em> (ou plut\u00f4t ce que j&rsquo;entends) c&rsquo;est un super bon \u00e9quilibre, je trouve, entre l&rsquo;\u00e9coute int\u00e9grale de nombreux morceaux, la raison de leur choix autour d&rsquo;un th\u00e8me hebdomadaire, l&rsquo;actualit\u00e9 musicale et l&rsquo;intelligence et l&rsquo;\u00e9norme culture musicale du monsieur. Il faut dire qu&rsquo;il a particip\u00e9 \u00a0au <a href=\"http:\/\/www.amazon.fr\/Dictionnaire-du-rock-Michka-Assayas\/dp\/2221095650\/ref=sr_1_2?ie=UTF8&amp;s=books&amp;qid=1299018301&amp;sr=1-2-spell\">Dictionnaire du rock<\/a> donc, bon, \u00e7a va.<\/p>\n<p>Ca d\u00e9bouche et nettoie les oreilles en d\u00e9but de semaine.<\/p>\n","protected":false},"excerpt":{"rendered":"<p>Le lundi c&rsquo;est souvent le moment d&rsquo;\u00e9couter en podcast l&rsquo;excellente \u00e9mission de Michka Assayas sur France Musique :\u00a0subjectif 21. Pour rendre \u00e0 C\u00e9sar ce qui appartient \u00e0 C\u00e9sar ; c&rsquo;est gr\u00e2ce \u00e0 Martin que j&rsquo;ai connu cette \u00e9mission il y a bien longtemps. Je ne le remercierai jamais assez. Rien \u00e0 voir avec \u00ab\u00a0Electron libre\u00a0\u00bb [&hellip;]<\/p>\n","protected":false},"author":1,"featured_media":0,"comment_status":"open","ping_status":"open","sticky":false,"template":"","format":"standard","meta":{"_et_pb_use_builder":"","_et_pb_old_content":"","_et_gb_content_width":"","footnotes":""},"categories":[17],"tags":[23,22],"_links":{"self":[{"href":"https:\/\/cequejevois.net\/blog\/wp-json\/wp\/v2\/posts\/85"}],"collection":[{"href":"https:\/\/cequejevois.net\/blog\/wp-json\/wp\/v2\/posts"}],"about":[{"href":"https:\/\/cequejevois.net\/blog\/wp-json\/wp\/v2\/types\/post"}],"author":[{"embeddable":true,"href":"https:\/\/cequejevois.net\/blog\/wp-json\/wp\/v2\/users\/1"}],"replies":[{"embeddable":true,"href":"https:\/\/cequejevois.net\/blog\/wp-json\/wp\/v2\/comments?post=85"}],"version-history":[{"count":4,"href":"https:\/\/cequejevois.net\/blog\/wp-json\/wp\/v2\/posts\/85\/revisions"}],"predecessor-version":[{"id":2236,"href":"https:\/\/cequejevois.net\/blog\/wp-json\/wp\/v2\/posts\/85\/revisions\/2236"}],"wp:attachment":[{"href":"https:\/\/cequejevois.net\/blog\/wp-json\/wp\/v2\/media?parent=85"}],"wp:term":[{"taxonomy":"category","embeddable":true,"href":"https:\/\/cequejevois.net\/blog\/wp-json\/wp\/v2\/categories?post=85"},{"taxonomy":"post_tag","embeddable":true,"href":"https:\/\/cequejevois.net\/blog\/wp-json\/wp\/v2\/tags?post=85"}],"curies":[{"name":"wp","href":"https:\/\/api.w.org\/{rel}","templated":true}]}}