{"id":593,"date":"2012-02-02T20:26:50","date_gmt":"2012-02-02T19:26:50","guid":{"rendered":"http:\/\/cequejevois.net?p=593"},"modified":"2015-07-25T00:46:14","modified_gmt":"2015-07-24T22:46:14","slug":"mofo-2012","status":"publish","type":"post","link":"https:\/\/cequejevois.net\/blog\/concerts\/mofo-2012\/","title":{"rendered":"MOFO 2012"},"content":{"rendered":"<p><a href=\"http:\/\/web.archive.org\/web\/20131003035156\/http:\/\/www.mainsdoeuvres.org\/rubrique75.html\">Mo&rsquo;Fo&rsquo;12<\/a> c&rsquo;est le nom d&rsquo;un festival de musique qui \u00e0 lieu \u00e0 <a href=\"http:\/\/www.mainsdoeuvres.org\/\">Mains d&rsquo;Oeuvres<\/a>\u00a0(Saint-Ouen) chaque ann\u00e9e.<\/p>\n<p>Nous y sommes all\u00e9s le week-end dernier avec madame et on a bien kiff\u00e9. On a juste assist\u00e9 \u00e0 <a href=\"http:\/\/web.archive.org\/web\/20120127005815\/http:\/\/www.mainsdoeuvres.org\/article1389.html\">la session du dimanche<\/a> qui \u00e9tait d\u00e9j\u00e0 bien remplie. Des concerts qui commencent \u00e0 partir de 17h30 le dimanche pour se terminer vers 22-23h c&rsquo;est parfait pour se remplir les oreilles sans pour autant se coucher tard ou louper les courses du samedi. On peut m\u00eame faire des petites siestes tranquille avant. Bref, c&rsquo;est un jour et des horaires qui nous conviennent bien.<\/p>\n<p>Je ne vais pas tout vous commenter, <a href=\"http:\/\/gigsinparis.com\/live-review-festival-mofo-2012-radical-face-tender-forever\">d&rsquo;autres le font d\u00e9j\u00e0 par ailleurs<\/a>. Je voulais juste vous parler de <em>ce que je vois<\/em> et ce que j&rsquo;aime :<\/p>\n<p>Tout d&rsquo;abord, un immense coup de coeur pour <a href=\"http:\/\/tenderforever.com\/\">Tender Forever<\/a> que j&rsquo;\u00e9coutais pour la premi\u00e8re fois. M\u00e9lanie Valera qui chante seule sur sc\u00e8ne (en tout cas ce soir l\u00e0) m&rsquo;a enthousiasm\u00e9 par l&rsquo;\u00e9nergie, la v\u00e9rit\u00e9 et l&rsquo;\u00e9motion qu&rsquo;elle met dans ses chansons. Sur sc\u00e8ne, elle les a accompagn\u00e9es de pas mal d&rsquo;improvisations aussi et je trouve qu&rsquo;elle pourrait en garder un petit peu. Cette fille vit sa musique. Je ne sais pas comment le d\u00e9crire autrement. C&rsquo;est tr\u00e8s \u00e9mouvant \u00e0 voir de mon point de vue.<\/p>\n<p>Parmi les choses qu&rsquo;elle a apport\u00e9es avec elle ce soir-l\u00e0 : une double hernie discale (qui ne l&rsquo;a pas emp\u00each\u00e9 de danser), <a href=\"http:\/\/youtu.be\/JVaqJi1E8WU\">ce film youtube<\/a> projet\u00e9 sur l&rsquo;\u00e9cran g\u00e9ant et qu&rsquo;elle pr\u00e9sentait comme de la drogue num\u00e9rique, des manettes de wii qui commandaient de la musique et beaucoup de <a href=\"http:\/\/youtu.be\/389DkzjHpus\">head banging<\/a>.<\/p>\n<p>Mon petit coup de gueule : certaines personnes du public se sont permises \u00e0 un moment de crier \u00e0 l&rsquo;artiste qu&rsquo;elle n&rsquo;avait que 40 mn de disponible, sous-entendu vas-y envoie la sauce au lieu de parler et de nous montrer des films. Je trouve ce comportement vraiment d\u00e9solant et peu respectueux. Le groupe, le chanteur, la chanteuse, peu importe ; la personne qu&rsquo;on est venue voir a 40 mn \u00e0 elle qu&rsquo;elle veut nous faire partager. Je pense qu&rsquo;elle y met ce qu&rsquo;elle veut dans ses 40 mn et tant pis si cela ne pla\u00eet pas \u00e0 tout le monde. Les gens peuvent partir sans g\u00e2cher le plaisir des autres. Cela d\u00e9note d&rsquo;un travers consum\u00e9riste (la musique uniquement, maintenant) au d\u00e9triment d&rsquo;une v\u00e9ritable curiosit\u00e9 pourtant attendue dans ce genre de lieu.<\/p>\n<p>Une autre bonne d\u00e9couverte : <a href=\"http:\/\/www.myspace.com\/mattelliottmusic\">Matt Eliott<\/a>\u00a0qui m\u00e9lange subtilement plusieurs tonalit\u00e9s de sa voix sur un s\u00e9quenceur. Une tr\u00e8s bonne ma\u00eetrise de la boucle et des m\u00e9lodies. J&rsquo;ai beaucoup aim\u00e9 aussi.<\/p>\n<p>J&rsquo;ai aim\u00e9 mais sans plus <a href=\"http:\/\/www.myspace.com\/donnino\">don Nino<\/a>\u00a0avec la participation d&rsquo;un membre de MOGWA\u00cf.<\/p>\n<p>Je n&rsquo;ai pas su appr\u00e9cier <a href=\"http:\/\/www.myspace.com\/sleeppartypeople\">Sleep party people<\/a>, peut-\u00eatre \u00e0 cause de l&rsquo;acoustique du lieu qui desservait le groupe.<\/p>\n<p>Prochain festival sur ma liste : <a href=\"http:\/\/www.lfsm.net\/\">les femmes s&rsquo;en m\u00ealent<\/a>. Miam.<\/p>\n","protected":false},"excerpt":{"rendered":"<p>Mo&rsquo;Fo&rsquo;12 c&rsquo;est le nom d&rsquo;un festival de musique qui \u00e0 lieu \u00e0 Mains d&rsquo;Oeuvres\u00a0(Saint-Ouen) chaque ann\u00e9e. Nous y sommes all\u00e9s le week-end dernier avec madame et on a bien kiff\u00e9. On a juste assist\u00e9 \u00e0 la session du dimanche qui \u00e9tait d\u00e9j\u00e0 bien remplie. Des concerts qui commencent \u00e0 partir de 17h30 le dimanche pour [&hellip;]<\/p>\n","protected":false},"author":1,"featured_media":0,"comment_status":"open","ping_status":"open","sticky":false,"template":"","format":"standard","meta":{"_et_pb_use_builder":"","_et_pb_old_content":"","_et_gb_content_width":"","footnotes":""},"categories":[14,17],"tags":[],"_links":{"self":[{"href":"https:\/\/cequejevois.net\/blog\/wp-json\/wp\/v2\/posts\/593"}],"collection":[{"href":"https:\/\/cequejevois.net\/blog\/wp-json\/wp\/v2\/posts"}],"about":[{"href":"https:\/\/cequejevois.net\/blog\/wp-json\/wp\/v2\/types\/post"}],"author":[{"embeddable":true,"href":"https:\/\/cequejevois.net\/blog\/wp-json\/wp\/v2\/users\/1"}],"replies":[{"embeddable":true,"href":"https:\/\/cequejevois.net\/blog\/wp-json\/wp\/v2\/comments?post=593"}],"version-history":[{"count":5,"href":"https:\/\/cequejevois.net\/blog\/wp-json\/wp\/v2\/posts\/593\/revisions"}],"predecessor-version":[{"id":1279,"href":"https:\/\/cequejevois.net\/blog\/wp-json\/wp\/v2\/posts\/593\/revisions\/1279"}],"wp:attachment":[{"href":"https:\/\/cequejevois.net\/blog\/wp-json\/wp\/v2\/media?parent=593"}],"wp:term":[{"taxonomy":"category","embeddable":true,"href":"https:\/\/cequejevois.net\/blog\/wp-json\/wp\/v2\/categories?post=593"},{"taxonomy":"post_tag","embeddable":true,"href":"https:\/\/cequejevois.net\/blog\/wp-json\/wp\/v2\/tags?post=593"}],"curies":[{"name":"wp","href":"https:\/\/api.w.org\/{rel}","templated":true}]}}