{"id":427,"date":"2011-09-26T20:58:30","date_gmt":"2011-09-26T18:58:30","guid":{"rendered":"http:\/\/cequejevois.net?p=427"},"modified":"2015-07-25T00:50:41","modified_gmt":"2015-07-24T22:50:41","slug":"parking-day","status":"publish","type":"post","link":"https:\/\/cequejevois.net\/blog\/sortir\/parking-day\/","title":{"rendered":"Parking day"},"content":{"rendered":"<div id=\"attachment_428\" style=\"width: 560px\" class=\"wp-caption aligncenter\"><a href=\"https:\/\/cequejevois.net\/blog\/wp-content\/uploads\/2011\/09\/IMG_0735.jpg\"><img loading=\"lazy\" decoding=\"async\" aria-describedby=\"caption-attachment-428\" class=\"size-medium wp-image-428\" title=\"place de parking\" src=\"https:\/\/cequejevois.net\/blog\/wp-content\/uploads\/2011\/09\/IMG_0735-550x412.jpg\" alt=\"\" width=\"550\" height=\"412\" srcset=\"https:\/\/cequejevois.net\/blog\/wp-content\/uploads\/2011\/09\/IMG_0735-550x412.jpg 550w, https:\/\/cequejevois.net\/blog\/wp-content\/uploads\/2011\/09\/IMG_0735-1024x768.jpg 1024w, https:\/\/cequejevois.net\/blog\/wp-content\/uploads\/2011\/09\/IMG_0735.jpg 1600w\" sizes=\"(max-width: 550px) 100vw, 550px\" \/><\/a><p id=\"caption-attachment-428\" class=\"wp-caption-text\">Une place de parking utilis\u00e9e autrement que pour garer une voiture<\/p><\/div>\n<p>Marrant \u00e7a non ? Je suis pass\u00e9 devant en v\u00e9lo le 16 septembre et ai d&rsquo;abord cru \u00e0 une installation artistique de la boutique attenante (\u00ab\u00a0la rue Broca\u00a0\u00bb, rue Broca). Mais non, en fait cette initiative fait partie d&rsquo;un mouvement plus large que j&rsquo;avais d\u00e9j\u00e0 observ\u00e9 et rencontr\u00e9 l&rsquo;ann\u00e9e derni\u00e8re : le <a title=\"parking day\" href=\"http:\/\/www.parkingday.fr\/\">parking day<\/a>.<\/p>\n<p>Le parking day, c&rsquo;est la r\u00e9-appropriation de l&rsquo;espace public par les citoyens, et dans ce cas au d\u00e9triment, ou \u00e0 la place je dirais plut\u00f4t, des voitures. <em>Ce que je vois<\/em> parfois, ce sont des gens qui paient leur place de parking au parcm\u00e8tre pour pouvoir dire : \u00ab\u00a0cet espace l\u00e0, j&rsquo;en fais ce que je veux\u00a0\u00bb et ils s&rsquo;y installent en toute l\u00e9galit\u00e9 pour rappeler que l&rsquo;on <del>tol\u00e8re<\/del> partage la ville avec les voitures mais que sinon on peut s&rsquo;exprimer autrement dans cet espace.<\/p>\n<p>Le <a href=\"http:\/\/www.parkingday.fr\/presentation\">parking day<\/a> fait partie d&rsquo;un mouvement plus large appel\u00e9 la <a title=\"site de la gu\u00e9rilla gardening\" href=\"http:\/\/www.guerilla-gardening-france.fr\/\">gu\u00e9rilla gardening<\/a> qui a de plus en plus d&rsquo;adeptes. C&rsquo;est \u00ab\u00a0green\u00a0\u00bb et en plus c&rsquo;est rigolo.<\/p>\n<p>Moi, je valide.<\/p>\n","protected":false},"excerpt":{"rendered":"<p>Marrant \u00e7a non ? Je suis pass\u00e9 devant en v\u00e9lo le 16 septembre et ai d&rsquo;abord cru \u00e0 une installation artistique de la boutique attenante (\u00ab\u00a0la rue Broca\u00a0\u00bb, rue Broca). Mais non, en fait cette initiative fait partie d&rsquo;un mouvement plus large que j&rsquo;avais d\u00e9j\u00e0 observ\u00e9 et rencontr\u00e9 l&rsquo;ann\u00e9e derni\u00e8re : le parking day. Le [&hellip;]<\/p>\n","protected":false},"author":1,"featured_media":0,"comment_status":"open","ping_status":"open","sticky":false,"template":"","format":"standard","meta":{"_et_pb_use_builder":"","_et_pb_old_content":"","_et_gb_content_width":"","footnotes":""},"categories":[13],"tags":[36],"_links":{"self":[{"href":"https:\/\/cequejevois.net\/blog\/wp-json\/wp\/v2\/posts\/427"}],"collection":[{"href":"https:\/\/cequejevois.net\/blog\/wp-json\/wp\/v2\/posts"}],"about":[{"href":"https:\/\/cequejevois.net\/blog\/wp-json\/wp\/v2\/types\/post"}],"author":[{"embeddable":true,"href":"https:\/\/cequejevois.net\/blog\/wp-json\/wp\/v2\/users\/1"}],"replies":[{"embeddable":true,"href":"https:\/\/cequejevois.net\/blog\/wp-json\/wp\/v2\/comments?post=427"}],"version-history":[{"count":5,"href":"https:\/\/cequejevois.net\/blog\/wp-json\/wp\/v2\/posts\/427\/revisions"}],"predecessor-version":[{"id":1291,"href":"https:\/\/cequejevois.net\/blog\/wp-json\/wp\/v2\/posts\/427\/revisions\/1291"}],"wp:attachment":[{"href":"https:\/\/cequejevois.net\/blog\/wp-json\/wp\/v2\/media?parent=427"}],"wp:term":[{"taxonomy":"category","embeddable":true,"href":"https:\/\/cequejevois.net\/blog\/wp-json\/wp\/v2\/categories?post=427"},{"taxonomy":"post_tag","embeddable":true,"href":"https:\/\/cequejevois.net\/blog\/wp-json\/wp\/v2\/tags?post=427"}],"curies":[{"name":"wp","href":"https:\/\/api.w.org\/{rel}","templated":true}]}}