{"id":4,"date":"2011-02-15T20:21:56","date_gmt":"2011-02-15T19:21:56","guid":{"rendered":"http:\/\/cequejevois.net?p=4"},"modified":"2017-05-17T14:51:34","modified_gmt":"2017-05-17T12:51:34","slug":"concert-de-nadeah","status":"publish","type":"post","link":"https:\/\/cequejevois.net\/blog\/concerts\/concert-de-nadeah\/","title":{"rendered":"Concert de Nadeah"},"content":{"rendered":"<div id=\"attachment_9\" style=\"width: 610px\" class=\"wp-caption aligncenter\"><a href=\"https:\/\/cequejevois.net\/blog\/wp-content\/uploads\/2011\/02\/IMG_0386.jpg\"><img loading=\"lazy\" decoding=\"async\" aria-describedby=\"caption-attachment-9\" class=\"size-medium wp-image-9 \" title=\"Nadeah\" src=\"https:\/\/cequejevois.net\/blog\/wp-content\/uploads\/2011\/02\/IMG_0386-600x448.jpg\" alt=\"\" width=\"600\" height=\"448\" \/><\/a><p id=\"caption-attachment-9\" class=\"wp-caption-text\">concert Nadeah \u00e0 l&#39;\u00e9glise saint Eustache<\/p><\/div>\n<p>J&rsquo;ai assist\u00e9 ce soir au concert de <a title=\"site de Nadeah\" href=\"https:\/\/nadeah.com\/\" target=\"_self\">Nadeah<\/a> (prononcez Nadiia) dans le cadre des <a href=\"http:\/\/madamelune.com\" target=\"_self\">Rendez-vous de la Lune<\/a> \u00e0 l&rsquo;\u00e9glise saint Eustache, \u00e0 Paris.<\/p>\n<p>Le cadre, comme d&rsquo;habitude, est coquet et intimiste mais une cinquantaine de personnes ont quand m\u00eame pu assister \u00a0\u00e0 la repr\u00e9sentation . Du coup, pour les gens qui, comme moi, pensaient prendre leur place sur place, il a fallu attendre dans le froid et l&rsquo;incertitude.<\/p>\n<p><em>Ce que je vois<\/em> : Je n&rsquo;ai d\u00fb mon entr\u00e9e qu&rsquo;\u00e0 la g\u00e9n\u00e9rosit\u00e9 de quelqu&rsquo;un qui travaille \u00e0 l&rsquo;organisation du concert, \u00e0 qui je n&rsquo;ai parl\u00e9 qu&rsquo;une seule fois auparavant et qui m&rsquo;a mise sur sa liste d&rsquo;invit\u00e9s alors qu&rsquo;une relation de longue date, travaillant au m\u00eame endroit (et ayant donc les m\u00eames privil\u00e8ges), n&rsquo;a pas h\u00e9sit\u00e9 \u00e0 me laisser attendre sur le trottoir malgr\u00e9 ma sollicitation explicite. C&rsquo;est \u00e9trange les gens quand m\u00eame.<\/p>\n<p>Le concert en lui-m\u00eame \u00e9tait moyen. Nadeah a certes une belle voie et du bagou mais il a manqu\u00e9 quelque chose \u00e0 mon sens \u00e0 ce concert. A trop vouloir en faire, on oublie l&rsquo;essentiel : l&rsquo;\u00e9motion. La salle \u00e9tait de plus remplie de fans familiaux et amicaux enti\u00e8rement acquis \u00e0 la cause de la belle, ce qui mettait de l&rsquo;ambiance mais d\u00e9naturait la relation avec le public et for\u00e7ait la sinc\u00e9rit\u00e9 du moment.<\/p>\n<p><em>Ce que je vois<\/em> aussi : des gens qui ne voyaient le concert presque qu&rsquo;\u00e0 travers leur portable, occup\u00e9s qu&rsquo;ils \u00e9taient \u00e0 filmer ou photographier \u00a0l&rsquo;artiste plut\u00f4t qu&rsquo;en profiter en vrai. A ma charge : j&rsquo;ai moi aussi pris des photos.<\/p>\n<p>J&rsquo;aime toujours ces concerts et adore le cadre. La derni\u00e8re fois que j&rsquo;y suis all\u00e9, c&rsquo;\u00e9tait pour voir <a class=\"wpgallery\" title=\"lien vers le site myspcace de fred nevchehirlian\" href=\"http:\/\/nevchehirlian.com\/\" target=\"_self\">Fred Nevchehirlian<\/a>, que j&rsquo;ai beaucoup aim\u00e9.<\/p>\n","protected":false},"excerpt":{"rendered":"<p>J&rsquo;ai assist\u00e9 ce soir au concert de Nadeah (prononcez Nadiia) dans le cadre des Rendez-vous de la Lune \u00e0 l&rsquo;\u00e9glise saint Eustache, \u00e0 Paris. Le cadre, comme d&rsquo;habitude, est coquet et intimiste mais une cinquantaine de personnes ont quand m\u00eame pu assister \u00a0\u00e0 la repr\u00e9sentation . Du coup, pour les gens qui, comme moi, pensaient [&hellip;]<\/p>\n","protected":false},"author":1,"featured_media":0,"comment_status":"open","ping_status":"closed","sticky":false,"template":"","format":"standard","meta":{"_et_pb_use_builder":"","_et_pb_old_content":"","_et_gb_content_width":"","footnotes":""},"categories":[14],"tags":[5,7,6],"_links":{"self":[{"href":"https:\/\/cequejevois.net\/blog\/wp-json\/wp\/v2\/posts\/4"}],"collection":[{"href":"https:\/\/cequejevois.net\/blog\/wp-json\/wp\/v2\/posts"}],"about":[{"href":"https:\/\/cequejevois.net\/blog\/wp-json\/wp\/v2\/types\/post"}],"author":[{"embeddable":true,"href":"https:\/\/cequejevois.net\/blog\/wp-json\/wp\/v2\/users\/1"}],"replies":[{"embeddable":true,"href":"https:\/\/cequejevois.net\/blog\/wp-json\/wp\/v2\/comments?post=4"}],"version-history":[{"count":5,"href":"https:\/\/cequejevois.net\/blog\/wp-json\/wp\/v2\/posts\/4\/revisions"}],"predecessor-version":[{"id":1815,"href":"https:\/\/cequejevois.net\/blog\/wp-json\/wp\/v2\/posts\/4\/revisions\/1815"}],"wp:attachment":[{"href":"https:\/\/cequejevois.net\/blog\/wp-json\/wp\/v2\/media?parent=4"}],"wp:term":[{"taxonomy":"category","embeddable":true,"href":"https:\/\/cequejevois.net\/blog\/wp-json\/wp\/v2\/categories?post=4"},{"taxonomy":"post_tag","embeddable":true,"href":"https:\/\/cequejevois.net\/blog\/wp-json\/wp\/v2\/tags?post=4"}],"curies":[{"name":"wp","href":"https:\/\/api.w.org\/{rel}","templated":true}]}}