{"id":2193,"date":"2021-02-25T23:32:46","date_gmt":"2021-02-25T22:32:46","guid":{"rendered":"https:\/\/cequejevois.net\/blog\/?p=2193"},"modified":"2021-03-09T22:18:25","modified_gmt":"2021-03-09T21:18:25","slug":"sharon-eyal","status":"publish","type":"post","link":"https:\/\/cequejevois.net\/blog\/expos\/sharon-eyal\/","title":{"rendered":"Sharon eyal"},"content":{"rendered":"\n<p>Je d\u00e9couvre le travail de la chor\u00e9graphe isra\u00e9lienne <a href=\"https:\/\/www.sharoneyaldance.com\/en\/home\">Sharon Eyal<\/a> et je suis admiratif.<\/p>\n\n\n\n<p>J&rsquo;aime tout dans ce qu&rsquo;elle propose : la mise en sc\u00e8ne des corps, leurs mouvements tant individuels que collectifs, les lumi\u00e8res sur ces m\u00eames corps, les costumes et enfin la tr\u00e8s f\u00e9conde collaboration avec <a href=\"https:\/\/open.spotify.com\/artist\/2tWAZZRtOcOfo8acVOMo25?si=JG_cBorcRLCJ5Gf2GAnJrg\">Ori Lichtik<\/a> pour la compostion musicale.<\/p>\n\n\n\n<p>Je ne connaissais ni l&rsquo;un ni l&rsquo;autre et suis ravi de cette d\u00e9couverte qui me r\u00e9conforte dans l&rsquo;\u00e9motion que me procure parfois la danse contemporaine.<\/p>\n\n\n\n<p>Je mets cela ici pour ne pas l&rsquo;oublier et vous la faire partager.<\/p>\n\n\n\n<figure class=\"wp-block-embed is-type-video is-provider-youtube wp-block-embed-youtube wp-embed-aspect-16-9 wp-has-aspect-ratio\"><div class=\"wp-block-embed__wrapper\">\n<iframe loading=\"lazy\" title=\"SOUL CHAIN (UA) tanzmainz Trailer\" width=\"1080\" height=\"608\" src=\"https:\/\/www.youtube.com\/embed\/MXLWhHsoyFg?feature=oembed\" frameborder=\"0\" allow=\"accelerometer; autoplay; clipboard-write; encrypted-media; gyroscope; picture-in-picture\" allowfullscreen><\/iframe>\n<\/div><\/figure>\n\n\n\n<p>Et si vous aimez, n&rsquo;h\u00e9sitez pas \u00e0 parcourir sa cha\u00eene Youtube ou <a href=\"https:\/\/vimeo.com\/sharoneyallev\/videos\">Vimeo<\/a><\/p>\n","protected":false},"excerpt":{"rendered":"<p>Je d\u00e9couvre le travail de la chor\u00e9graphe isra\u00e9lienne Sharon Eyal et je suis admiratif. J&rsquo;aime tout dans ce qu&rsquo;elle propose : la mise en sc\u00e8ne des corps, leurs mouvements tant individuels que collectifs, les lumi\u00e8res sur ces m\u00eames corps, les costumes et enfin la tr\u00e8s f\u00e9conde collaboration avec Ori Lichtik pour la compostion musicale. Je [&hellip;]<\/p>\n","protected":false},"author":1,"featured_media":0,"comment_status":"open","ping_status":"closed","sticky":false,"template":"","format":"standard","meta":{"_et_pb_use_builder":"off","_et_pb_old_content":"","_et_gb_content_width":"","footnotes":""},"categories":[16,17],"tags":[],"_links":{"self":[{"href":"https:\/\/cequejevois.net\/blog\/wp-json\/wp\/v2\/posts\/2193"}],"collection":[{"href":"https:\/\/cequejevois.net\/blog\/wp-json\/wp\/v2\/posts"}],"about":[{"href":"https:\/\/cequejevois.net\/blog\/wp-json\/wp\/v2\/types\/post"}],"author":[{"embeddable":true,"href":"https:\/\/cequejevois.net\/blog\/wp-json\/wp\/v2\/users\/1"}],"replies":[{"embeddable":true,"href":"https:\/\/cequejevois.net\/blog\/wp-json\/wp\/v2\/comments?post=2193"}],"version-history":[{"count":3,"href":"https:\/\/cequejevois.net\/blog\/wp-json\/wp\/v2\/posts\/2193\/revisions"}],"predecessor-version":[{"id":2196,"href":"https:\/\/cequejevois.net\/blog\/wp-json\/wp\/v2\/posts\/2193\/revisions\/2196"}],"wp:attachment":[{"href":"https:\/\/cequejevois.net\/blog\/wp-json\/wp\/v2\/media?parent=2193"}],"wp:term":[{"taxonomy":"category","embeddable":true,"href":"https:\/\/cequejevois.net\/blog\/wp-json\/wp\/v2\/categories?post=2193"},{"taxonomy":"post_tag","embeddable":true,"href":"https:\/\/cequejevois.net\/blog\/wp-json\/wp\/v2\/tags?post=2193"}],"curies":[{"name":"wp","href":"https:\/\/api.w.org\/{rel}","templated":true}]}}