{"id":2152,"date":"2020-11-26T14:33:34","date_gmt":"2020-11-26T13:33:34","guid":{"rendered":"https:\/\/cequejevois.net\/blog\/?p=2152"},"modified":"2020-11-26T14:33:34","modified_gmt":"2020-11-26T13:33:34","slug":"bernard-stiegler-et-lurgence-climatique","status":"publish","type":"post","link":"https:\/\/cequejevois.net\/blog\/politique\/bernard-stiegler-et-lurgence-climatique\/","title":{"rendered":"Bernard Stiegler et l&rsquo;urgence climatique"},"content":{"rendered":"\n<p>Je mets souvent des ressources de c\u00f4t\u00e9 pour les consulter \u00e0 t\u00eate repos\u00e9e. Ce sont souvent des vid\u00e9os ou des articles \u00e0 lire sur un sujet qui m&rsquo;int\u00e9resse que je place dans mes signets \u00ab\u00a0\u00e0 consulter\u00a0\u00bb.<\/p>\n\n\n\n<p>L\u00e0 il s&rsquo;agit d&rsquo;une interview de Bernard Stiegler par Fr\u00e9d\u00e9reic Tad\u00e9\u00ef sur la cha\u00eene Russia Today.<\/p>\n\n\n\n<p>Mais apr\u00e8s, qu&rsquo;en faire ?<\/p>\n\n\n\n<p>Il me semble que le partager sur ce blog est le bon endroit pour le faire. A la fois pour ne pas le \u00ab\u00a0perdre\u00a0\u00bb ; j&rsquo;aime consid\u00e9rer ce lieu num\u00e9rique comme un v\u00e9ritable journal, une m\u00e9moire de mes p\u00e9r\u00e9grinations sur la toile ou dans la vie, mais aussi pour porter \u00e0 l&rsquo;attention d&rsquo;autres ces objets num\u00e9riques dignes d&rsquo;int\u00e9r\u00eat \u00e0 mon avis.<\/p>\n\n\n\n<p>Donc voil\u00e0, apr\u00e8s l&rsquo;avoir vue, je pose la vid\u00e9o l\u00e0 (ou plut\u00f4t son lien vers YT).<\/p>\n\n\n\n<p>Plusieurs int\u00e9r\u00eat \u00e0 mon avis :<\/p>\n\n\n\n<ul><li>Bernard Stiegler lui-m\u00eame, <a href=\"https:\/\/cequejevois.net\/blog\/politique\/mort-de-bernard-stiegler\/\">mort r\u00e9cemment<\/a>, que je trouve toujours aussi int\u00e9ressant . Voir <a href=\"https:\/\/sepiasearch.org\/search?search=bernard%20stiegler&amp;sort=-match&amp;page=1\">d&rsquo;autres vid\u00e9os sur lui sur les intertubes<\/a>.<\/li><li>Une vision philosophique du d\u00e9r\u00e8glement climatique. Alors \u00e7a part un peu dans tous les sens, avec des r\u00e9flexions sur le travail, la macro-\u00e9conomie, la negentropie (terme invent\u00e9 par Stiegler lui-m\u00eame) mais l&rsquo;invit\u00e9 revient quand m\u00eame sur ses pattes \u00e0 la fin.<\/li><li>D\u00e9couverte \u00e9ventuelle du media controvers\u00e9 <a href=\"https:\/\/francais.rt.com\/\">Russia Today<\/a>, qui a accueilli Fr\u00e9d\u00e9ric Tad\u00e9\u00ef dans une \u00e9mission faite sur mesure \u00ab\u00a0interdit d&rsquo;interdire\u00a0\u00bb. J&rsquo;avais visionn\u00e9 <a href=\"https:\/\/thinkerview.video\/videos\/watch\/3fbe3308-8e42-4f14-90da-90302374692c\">une interview de Xenia Fedorova sur le th\u00e8me \u00ab\u00a0propagande vs journalisme\u00a0\u00bb<\/a> qui m&rsquo;avait bien plue.<\/li><li>Du temps laiss\u00e9 par le journaliste \u00e0 l&rsquo;interview\u00e9, et pas de coupure de paroles. C&rsquo;est tellement rare de nos jours qu&rsquo;il faut le souligner.<\/li><\/ul>\n\n\n\n<figure class=\"wp-block-embed-youtube wp-block-embed is-type-video is-provider-youtube wp-embed-aspect-16-9 wp-has-aspect-ratio\"><div class=\"wp-block-embed__wrapper\">\n<iframe loading=\"lazy\" title=\"Interdit d&#039;interdire - Bernard Stiegler : face \u00e0 l&#039;urgence climatique, que faire ?\" width=\"1080\" height=\"608\" src=\"https:\/\/www.youtube.com\/embed\/-y9jbSwBfOU?feature=oembed\" frameborder=\"0\" allow=\"accelerometer; autoplay; clipboard-write; encrypted-media; gyroscope; picture-in-picture\" allowfullscreen><\/iframe>\n<\/div><\/figure>\n","protected":false},"excerpt":{"rendered":"<p>Je mets souvent des ressources de c\u00f4t\u00e9 pour les consulter \u00e0 t\u00eate repos\u00e9e. Ce sont souvent des vid\u00e9os ou des articles \u00e0 lire sur un sujet qui m&rsquo;int\u00e9resse que je place dans mes signets \u00ab\u00a0\u00e0 consulter\u00a0\u00bb. L\u00e0 il s&rsquo;agit d&rsquo;une interview de Bernard Stiegler par Fr\u00e9d\u00e9reic Tad\u00e9\u00ef sur la cha\u00eene Russia Today. Mais apr\u00e8s, qu&rsquo;en [&hellip;]<\/p>\n","protected":false},"author":1,"featured_media":0,"comment_status":"open","ping_status":"closed","sticky":false,"template":"","format":"standard","meta":{"_et_pb_use_builder":"off","_et_pb_old_content":"","_et_gb_content_width":"","footnotes":""},"categories":[40,57],"tags":[],"_links":{"self":[{"href":"https:\/\/cequejevois.net\/blog\/wp-json\/wp\/v2\/posts\/2152"}],"collection":[{"href":"https:\/\/cequejevois.net\/blog\/wp-json\/wp\/v2\/posts"}],"about":[{"href":"https:\/\/cequejevois.net\/blog\/wp-json\/wp\/v2\/types\/post"}],"author":[{"embeddable":true,"href":"https:\/\/cequejevois.net\/blog\/wp-json\/wp\/v2\/users\/1"}],"replies":[{"embeddable":true,"href":"https:\/\/cequejevois.net\/blog\/wp-json\/wp\/v2\/comments?post=2152"}],"version-history":[{"count":1,"href":"https:\/\/cequejevois.net\/blog\/wp-json\/wp\/v2\/posts\/2152\/revisions"}],"predecessor-version":[{"id":2153,"href":"https:\/\/cequejevois.net\/blog\/wp-json\/wp\/v2\/posts\/2152\/revisions\/2153"}],"wp:attachment":[{"href":"https:\/\/cequejevois.net\/blog\/wp-json\/wp\/v2\/media?parent=2152"}],"wp:term":[{"taxonomy":"category","embeddable":true,"href":"https:\/\/cequejevois.net\/blog\/wp-json\/wp\/v2\/categories?post=2152"},{"taxonomy":"post_tag","embeddable":true,"href":"https:\/\/cequejevois.net\/blog\/wp-json\/wp\/v2\/tags?post=2152"}],"curies":[{"name":"wp","href":"https:\/\/api.w.org\/{rel}","templated":true}]}}