{"id":2129,"date":"2020-08-11T02:14:37","date_gmt":"2020-08-11T00:14:37","guid":{"rendered":"https:\/\/cequejevois.net\/blog\/?p=2129"},"modified":"2020-08-11T02:17:14","modified_gmt":"2020-08-11T00:17:14","slug":"mort-de-bernard-stiegler","status":"publish","type":"post","link":"https:\/\/cequejevois.net\/blog\/politique\/mort-de-bernard-stiegler\/","title":{"rendered":"Mort de Bernard Stiegler"},"content":{"rendered":"\n<p>Je lis sur <a href=\"https:\/\/standblog.org\/blog\/post\/2020\/08\/08\/En-vrac-du-mois-d-aout\" target=\"_blank\" rel=\"noreferrer noopener\">le blog de Tristan Nitot<\/a> que Bernard Stiegler est mort le 6 ao\u00fbt dernier.<\/p>\n\n\n\n<p><a href=\"https:\/\/fr.wikipedia.org\/wiki\/Bernard_Stiegler\">Bernard Stiegler<\/a> je l&rsquo;ai vu plusieurs fois en conf\u00e9rence, sur des ann\u00e9es. La derni\u00e8re fois c&rsquo;\u00e9tait au lieu unique, \u00e0 Nantes. C&rsquo;est &#8211; c&rsquo;\u00e9tait &#8211; quelqu&rsquo;un que j&rsquo;appr\u00e9ciais beaucoup. Je laisse le lecteur suivre les nombreux liens pr\u00e9sents dans l&rsquo;article de Tristan Nitot pour d\u00e9couvrir sa pens\u00e9e et son \u0153uvre par des gens qui en parleront bien mieux que moi.<\/p>\n\n\n\n<p>Moi je suis un peu triste d&rsquo;apprendre \u00e7a. Triste parce que je percevais que c&rsquo;\u00e9tait quelqu&rsquo;un qui essayait de transmettre une pens\u00e9e difficile de mani\u00e8re facile, du moins \u00e0 l&rsquo;oral. L&rsquo;\u00e9crit est beaucoup plus \u00e2pre \u00e0 ce qu&rsquo;il para\u00eet. Je n&rsquo;ai pas de livre de lui je crois. C&rsquo;est bizarre. Il intervenait dans plein d&rsquo;endroits assez diff\u00e9rents, et pas que des contextes universitaires. C&rsquo;est un mec qui \u00e9tait patron de caf\u00e9, qui a braqu\u00e9 cinq banques et d\u00e9couvert la philosophie pendant ses cinq ann\u00e9es de prison.<\/p>\n\n\n\n<p>Triste car il s&rsquo;agit d&rsquo;un suicide.<\/p>\n\n\n\n<p>Triste car je sens que la mort va de plus en plus concerner des gens dont j&rsquo;aurais \u00e9t\u00e9 le contemporain. La mort de Claude Fran\u00e7ois ne m&rsquo;a pas fait grand chose, Mais celle de Prince ou de Jeff Buckley plus d\u00e9j\u00e0. Quant \u00e0 celle de Greta Thunberg, je ne me la figure pas du tout car elle n&rsquo;est pas de la m\u00eame g\u00e9n\u00e9ration que moi. Bien s\u00fbr, plus que la m\u00eame g\u00e9n\u00e9ration, c&rsquo;est d&rsquo;abord la proximit\u00e9 de c\u0153ur ou d&rsquo;esprit qui va jouer je pense.<\/p>\n\n\n\n<p>Bref. Il est mort et c&rsquo;\u00e9tait quelqu&rsquo;un de bien. Du coup, je regarde <a href=\"https:\/\/francais.rt.com\/magazines\/interdit-d-interdire\/70280-bernard-stiegler-face-urgence-climatique-que-faire\">l&rsquo;une de ses derni\u00e8res interviews par Fr\u00e9d\u00e9ric Tadd\u00e9\u00ef sur la cha\u00eene RT France.<\/a><\/p>\n","protected":false},"excerpt":{"rendered":"<p>Je lis sur le blog de Tristan Nitot que Bernard Stiegler est mort le 6 ao\u00fbt dernier. Bernard Stiegler je l&rsquo;ai vu plusieurs fois en conf\u00e9rence, sur des ann\u00e9es. La derni\u00e8re fois c&rsquo;\u00e9tait au lieu unique, \u00e0 Nantes. C&rsquo;est &#8211; c&rsquo;\u00e9tait &#8211; quelqu&rsquo;un que j&rsquo;appr\u00e9ciais beaucoup. Je laisse le lecteur suivre les nombreux liens pr\u00e9sents [&hellip;]<\/p>\n","protected":false},"author":1,"featured_media":0,"comment_status":"closed","ping_status":"closed","sticky":false,"template":"","format":"standard","meta":{"_et_pb_use_builder":"off","_et_pb_old_content":"","_et_gb_content_width":"","footnotes":""},"categories":[40,57],"tags":[],"_links":{"self":[{"href":"https:\/\/cequejevois.net\/blog\/wp-json\/wp\/v2\/posts\/2129"}],"collection":[{"href":"https:\/\/cequejevois.net\/blog\/wp-json\/wp\/v2\/posts"}],"about":[{"href":"https:\/\/cequejevois.net\/blog\/wp-json\/wp\/v2\/types\/post"}],"author":[{"embeddable":true,"href":"https:\/\/cequejevois.net\/blog\/wp-json\/wp\/v2\/users\/1"}],"replies":[{"embeddable":true,"href":"https:\/\/cequejevois.net\/blog\/wp-json\/wp\/v2\/comments?post=2129"}],"version-history":[{"count":3,"href":"https:\/\/cequejevois.net\/blog\/wp-json\/wp\/v2\/posts\/2129\/revisions"}],"predecessor-version":[{"id":2132,"href":"https:\/\/cequejevois.net\/blog\/wp-json\/wp\/v2\/posts\/2129\/revisions\/2132"}],"wp:attachment":[{"href":"https:\/\/cequejevois.net\/blog\/wp-json\/wp\/v2\/media?parent=2129"}],"wp:term":[{"taxonomy":"category","embeddable":true,"href":"https:\/\/cequejevois.net\/blog\/wp-json\/wp\/v2\/categories?post=2129"},{"taxonomy":"post_tag","embeddable":true,"href":"https:\/\/cequejevois.net\/blog\/wp-json\/wp\/v2\/tags?post=2129"}],"curies":[{"name":"wp","href":"https:\/\/api.w.org\/{rel}","templated":true}]}}