{"id":2014,"date":"2018-09-21T23:39:51","date_gmt":"2018-09-21T21:39:51","guid":{"rendered":"https:\/\/cequejevois.net\/blog\/?p=2014"},"modified":"2018-09-21T23:40:11","modified_gmt":"2018-09-21T21:40:11","slug":"la-nuit-du-van-transfert","status":"publish","type":"post","link":"https:\/\/cequejevois.net\/blog\/sortir\/la-nuit-du-van-transfert\/","title":{"rendered":"La nuit du VAN + Transfert"},"content":{"rendered":"<p>Bon, je poste \u00e7a un peu tard mais mieux vaut tard que jamais.<\/p>\n<p><a href=\"https:\/\/www.levoyageanantes.fr\/galeries\/la-nuit-du-van-2018\/\">La nuit du VAN<\/a> c&rsquo;est la premi\u00e8re nuit avant l&rsquo;ouverture au public du <a href=\"https:\/\/www.levoyageanantes.fr\/le-voyage-a-nantes\/\">Voyage \u00e0 Nantes<\/a>. Lors de cette nuit, plein de\u00a0 concerts sont ouverts au public gratuitement.<\/p>\n<p>J&rsquo;ai bien aim\u00e9 la prestation de Kokomo en d\u00e9but de soir\u00e9e m\u00eame si c&rsquo;est carr\u00e9ment pomp\u00e9 sur Led Zeppelin. Il font le show quoi.<\/p>\n<p><img loading=\"lazy\" decoding=\"async\" class=\"aligncenter size-medium wp-image-2018\" src=\"https:\/\/cequejevois.net\/blog\/wp-content\/uploads\/2018\/09\/20180630_225056-550x413.jpg\" alt=\"\" width=\"550\" height=\"413\" srcset=\"https:\/\/cequejevois.net\/blog\/wp-content\/uploads\/2018\/09\/20180630_225056-550x413.jpg 550w, https:\/\/cequejevois.net\/blog\/wp-content\/uploads\/2018\/09\/20180630_225056-768x576.jpg 768w, https:\/\/cequejevois.net\/blog\/wp-content\/uploads\/2018\/09\/20180630_225056-1024x768.jpg 1024w, https:\/\/cequejevois.net\/blog\/wp-content\/uploads\/2018\/09\/20180630_225056-1080x810.jpg 1080w\" sizes=\"(max-width: 550px) 100vw, 550px\" \/><\/p>\n<p>Vers 03h00 du matin, je tombe sur ces deux personnes \u00e0 l&rsquo;ext\u00e9rieur des salles de concert qui jouent ce morceau un peu connu dans les milieux autoris\u00e9s : <a href=\"https:\/\/www.youtube.com\/watch?v=lNYcviXK4rg\">da da da<\/a> et je souris.<\/p>\n<p><iframe loading=\"lazy\" src=\"https:\/\/player.vimeo.com\/video\/291173116?app_id=122963\" width=\"563\" height=\"1000\" frameborder=\"0\" title=\"Da da da &agrave; la nuit du VAN\" webkitallowfullscreen mozallowfullscreen allowfullscreen><\/iframe><\/p>\n<p>A la fin de la nuit, tout le monde se dirige vers <a href=\"https:\/\/www.transfert.co\/\">Transfert<\/a>, ce nouveau lieu qui fermera ses portes deux mois plus tard. Il s&rsquo;agit d&rsquo;\u00eatre l\u00e0 pour l&rsquo;inauguration et je ne veux pas manquer ce d\u00e9part annonc\u00e9 d&rsquo;une montgolfi\u00e8re aux premi\u00e8res lueurs du jour.<\/p>\n<p>Voil\u00e0 ce que cela donne :<\/p>\n<div id=\"attachment_2020\" style=\"width: 560px\" class=\"wp-caption aligncenter\"><img loading=\"lazy\" decoding=\"async\" aria-describedby=\"caption-attachment-2020\" class=\"size-medium wp-image-2020\" src=\"https:\/\/cequejevois.net\/blog\/wp-content\/uploads\/2018\/09\/montgolfiere-transfert-550x413.jpg\" alt=\"\" width=\"550\" height=\"413\" srcset=\"https:\/\/cequejevois.net\/blog\/wp-content\/uploads\/2018\/09\/montgolfiere-transfert-550x413.jpg 550w, https:\/\/cequejevois.net\/blog\/wp-content\/uploads\/2018\/09\/montgolfiere-transfert-768x576.jpg 768w, https:\/\/cequejevois.net\/blog\/wp-content\/uploads\/2018\/09\/montgolfiere-transfert-1024x768.jpg 1024w, https:\/\/cequejevois.net\/blog\/wp-content\/uploads\/2018\/09\/montgolfiere-transfert-1080x810.jpg 1080w\" sizes=\"(max-width: 550px) 100vw, 550px\" \/><p id=\"caption-attachment-2020\" class=\"wp-caption-text\">d\u00e9part de montgolfi\u00e8re \u00e0 Transfert &#8211; Nantes<\/p><\/div>\n<p>C&rsquo;\u00e9tait tr\u00e8s po\u00e9tique comme moment.<\/p>\n<p>Ensuite il y a eu un spectacle donn\u00e9 par des danseurs qui se d\u00e9pla\u00e7aient verticalement sur des containers. Tr\u00e8s beau \u00e9galement.<\/p>\n<p><iframe loading=\"lazy\" src=\"https:\/\/player.vimeo.com\/video\/291175365\" width=\"250\" height=\"445\" frameborder=\"0\" allowfullscreen=\"allowfullscreen\"><\/iframe><\/p>\n<p>Bref, c&rsquo;est devenu un super bon souvenir.<\/p>\n","protected":false},"excerpt":{"rendered":"<p>Bon, je poste \u00e7a un peu tard mais mieux vaut tard que jamais. La nuit du VAN c&rsquo;est la premi\u00e8re nuit avant l&rsquo;ouverture au public du Voyage \u00e0 Nantes. Lors de cette nuit, plein de\u00a0 concerts sont ouverts au public gratuitement. J&rsquo;ai bien aim\u00e9 la prestation de Kokomo en d\u00e9but de soir\u00e9e m\u00eame si c&rsquo;est [&hellip;]<\/p>\n","protected":false},"author":1,"featured_media":2021,"comment_status":"open","ping_status":"closed","sticky":false,"template":"","format":"standard","meta":{"_et_pb_use_builder":"","_et_pb_old_content":"","_et_gb_content_width":"","footnotes":""},"categories":[13],"tags":[],"_links":{"self":[{"href":"https:\/\/cequejevois.net\/blog\/wp-json\/wp\/v2\/posts\/2014"}],"collection":[{"href":"https:\/\/cequejevois.net\/blog\/wp-json\/wp\/v2\/posts"}],"about":[{"href":"https:\/\/cequejevois.net\/blog\/wp-json\/wp\/v2\/types\/post"}],"author":[{"embeddable":true,"href":"https:\/\/cequejevois.net\/blog\/wp-json\/wp\/v2\/users\/1"}],"replies":[{"embeddable":true,"href":"https:\/\/cequejevois.net\/blog\/wp-json\/wp\/v2\/comments?post=2014"}],"version-history":[{"count":5,"href":"https:\/\/cequejevois.net\/blog\/wp-json\/wp\/v2\/posts\/2014\/revisions"}],"predecessor-version":[{"id":2027,"href":"https:\/\/cequejevois.net\/blog\/wp-json\/wp\/v2\/posts\/2014\/revisions\/2027"}],"wp:featuredmedia":[{"embeddable":true,"href":"https:\/\/cequejevois.net\/blog\/wp-json\/wp\/v2\/media\/2021"}],"wp:attachment":[{"href":"https:\/\/cequejevois.net\/blog\/wp-json\/wp\/v2\/media?parent=2014"}],"wp:term":[{"taxonomy":"category","embeddable":true,"href":"https:\/\/cequejevois.net\/blog\/wp-json\/wp\/v2\/categories?post=2014"},{"taxonomy":"post_tag","embeddable":true,"href":"https:\/\/cequejevois.net\/blog\/wp-json\/wp\/v2\/tags?post=2014"}],"curies":[{"name":"wp","href":"https:\/\/api.w.org\/{rel}","templated":true}]}}