{"id":1951,"date":"2018-03-06T18:02:41","date_gmt":"2018-03-06T17:02:41","guid":{"rendered":"https:\/\/cequejevois.net\/?p=1951"},"modified":"2018-03-06T18:02:41","modified_gmt":"2018-03-06T17:02:41","slug":"temps-de-cerveau-disponible-biais-cognitifs","status":"publish","type":"post","link":"https:\/\/cequejevois.net\/blog\/politique\/temps-de-cerveau-disponible-biais-cognitifs\/","title":{"rendered":"Temps de cerveau disponible et biais cognitifs"},"content":{"rendered":"<p>Un lien int\u00e9ressant vers un article des Echos sur l&rsquo;\u00e9conomie de l&rsquo;attention.<\/p>\n<p>C&rsquo;est la premi\u00e8re fois que je vois s&rsquo;exprimer l&#8217;embryon d&rsquo;une organisation de \u00ab\u00a0r\u00e9sistance\u00a0\u00bb face \u00e0 toute cette industrie autour de l&rsquo;attention et du contenu.<\/p>\n<p>Alors en fait, il s&rsquo;agit plut\u00f4t de \u00ab\u00a0sensibiliser\u00a0\u00bb les designer de site \u00ab\u00a0afin qu\u2019il prennent conscience de l\u2019impact que leurs choix [&#8230;] peuvent avoir sur l\u2019attention des utilisateurs\u00a0\u00bb. C&rsquo;est d\u00e9j\u00e0 pas mal !<\/p>\n<p>J&rsquo;ai bien aim\u00e9 les exemples de biais cognitifs que l&rsquo;on rencontre souvent (le pop-corn, par exemple, sous cette forme ou une autre) mais aussi le fait qu&rsquo;il est dit que utilisateur et le concepteur (ou la marque directement) ne sont pas \u00e0 armes \u00e9gales quant au contenu propos\u00e9.<\/p>\n<p>Bon, apr\u00e8s cela ne va pas hyper hyper plus loin que de la sensibilisation, mais c&rsquo;est d\u00e9j\u00e0 \u00e7a.<\/p>\n<p>Je vous laisse lire.<\/p>\n","protected":false},"excerpt":{"rendered":"<p>Un lien int\u00e9ressant vers un article des Echos sur l&rsquo;\u00e9conomie de l&rsquo;attention. C&rsquo;est la premi\u00e8re fois que je vois s&rsquo;exprimer l&#8217;embryon d&rsquo;une organisation de \u00ab\u00a0r\u00e9sistance\u00a0\u00bb face \u00e0 toute cette industrie autour de l&rsquo;attention et du contenu. Alors en fait, il s&rsquo;agit plut\u00f4t de \u00ab\u00a0sensibiliser\u00a0\u00bb les designer de site \u00ab\u00a0afin qu\u2019il prennent conscience de l\u2019impact que [&hellip;]<\/p>\n","protected":false},"author":1,"featured_media":0,"comment_status":"open","ping_status":"closed","sticky":false,"template":"","format":"standard","meta":{"_et_pb_use_builder":"","_et_pb_old_content":"","_et_gb_content_width":"","footnotes":""},"categories":[40],"tags":[],"_links":{"self":[{"href":"https:\/\/cequejevois.net\/blog\/wp-json\/wp\/v2\/posts\/1951"}],"collection":[{"href":"https:\/\/cequejevois.net\/blog\/wp-json\/wp\/v2\/posts"}],"about":[{"href":"https:\/\/cequejevois.net\/blog\/wp-json\/wp\/v2\/types\/post"}],"author":[{"embeddable":true,"href":"https:\/\/cequejevois.net\/blog\/wp-json\/wp\/v2\/users\/1"}],"replies":[{"embeddable":true,"href":"https:\/\/cequejevois.net\/blog\/wp-json\/wp\/v2\/comments?post=1951"}],"version-history":[{"count":2,"href":"https:\/\/cequejevois.net\/blog\/wp-json\/wp\/v2\/posts\/1951\/revisions"}],"predecessor-version":[{"id":1953,"href":"https:\/\/cequejevois.net\/blog\/wp-json\/wp\/v2\/posts\/1951\/revisions\/1953"}],"wp:attachment":[{"href":"https:\/\/cequejevois.net\/blog\/wp-json\/wp\/v2\/media?parent=1951"}],"wp:term":[{"taxonomy":"category","embeddable":true,"href":"https:\/\/cequejevois.net\/blog\/wp-json\/wp\/v2\/categories?post=1951"},{"taxonomy":"post_tag","embeddable":true,"href":"https:\/\/cequejevois.net\/blog\/wp-json\/wp\/v2\/tags?post=1951"}],"curies":[{"name":"wp","href":"https:\/\/api.w.org\/{rel}","templated":true}]}}