{"id":1831,"date":"2017-06-13T01:25:23","date_gmt":"2017-06-12T23:25:23","guid":{"rendered":"https:\/\/cequejevois.net\/?p=1831"},"modified":"2017-06-13T01:25:23","modified_gmt":"2017-06-12T23:25:23","slug":"nicolas-jaar-a-stereolux","status":"publish","type":"post","link":"https:\/\/cequejevois.net\/blog\/concerts\/nicolas-jaar-a-stereolux\/","title":{"rendered":"Nicolas Jaar \u00e0 St\u00e9r\u00e9olux"},"content":{"rendered":"<p>\u00c7a a d\u00e9pot\u00e9 ce soir au concert de <a href=\"http:\/\/nicolasjaar.net\/\">Nicolas Jaar <\/a>\u00e0 St\u00e9r\u00e9olux !<\/p>\n<p>Cela faisait un moment que j&rsquo;avais rep\u00e9r\u00e9 sa venue \u00e0 Nantes et j&rsquo;avais h\u00e2te d&rsquo;assister \u00e0 son concert.<\/p>\n<p>Premi\u00e8re question : o\u00f9 se placer ? Le dilemme. Les concerts comme ceux de Nicolas Jaar exigent une \u00e9coute attentive et un son de qualit\u00e9. Le placement pr\u00e8s de la console (et donc de l&rsquo;ing\u00e9nieur du son) est donc un choix tout indiqu\u00e9. MAIS, des petites voix inform\u00e9es m&rsquo;avaient indiqu\u00e9 que se pr\u00e9parait \u00e9galement un concert tr\u00e8s visuel. La pr\u00e9sence quasi incessante des t\u00e9l\u00e9phones portables en mode cam\u00e9ra ou lampe-torche ont fini par me d\u00e9cider \u00e0 monter au balcon, d&rsquo;autant que j&rsquo;\u00e9tais bien au centre et \u00e0 la premi\u00e8re rang\u00e9e.<\/p>\n<p>C&rsquo;est au bout de quinze minutes que j&rsquo;ai enti\u00e8rement bascul\u00e9 dans le spectacle de toute beaut\u00e9 offert par l&rsquo;artiste m\u00ealant avec une rare homog\u00e9n\u00e9it\u00e9 le visuel au sonore.<\/p>\n<p>Les portables, en bas, n&rsquo;\u00e9taient plus l\u00e0. La foule \u00e9taient attentive, visiblement au fait de la discographie du monsieur et toujours prompte \u00e0 se laisser emporter par les nappes de basses qui parfois faisaient trembler les v\u00eatements.<\/p>\n<p>C&rsquo;\u00e9tait comme une hypnose ou un d\u00e9licieux accord mets-vins. Nicolas Jaar, ce n&rsquo;est pas du clubbing (m\u00eame si on en a envie), cela ressemble plut\u00f4t \u00e0 de la recherche musicale. On accroche ou pas. J&rsquo;ai appr\u00e9ci\u00e9 qu&rsquo;il profite du live pour explorer des versions bien diff\u00e9rentes de ses morceaux sur album tout en en gardant le fil pour titiller son auditoire. J&rsquo;ai aussi aim\u00e9 qu&rsquo;il mette sa prestation au centre, et non lui-m\u00eame ; on le distingue mal, toujours en contre jour ou dans la p\u00e9nombre mais on re\u00e7oit tr\u00e8s bien ce qu&rsquo;il nous propose, comme une lettre \u00e9crite sur du papier de qualit\u00e9, avec une belle encre et une typographie soign\u00e9e, c&rsquo;est tr\u00e8s agr\u00e9able.<\/p>\n<p>La veille, il \u00e9tait au festival \u00ab\u00a0We Love Green\u00a0\u00bb \u00e0 Paris o\u00f9 <a href=\"http:\/\/www.welovegreen.fr\/programmation\/\">la programmation<\/a> a d\u00fb attirer des personnes que je connais. Mention sp\u00e9ciale \u00e0 <a href=\"https:\/\/twitter.com\/louislepron\/status\/874223074572345345\">ce spectateur<\/a> qui a fait et bien aim\u00e9 le show. Je suis cependant persuad\u00e9 que ce que j&rsquo;ai vu \u00e9tait id\u00e9al pour une salle. Je garde un tr\u00e8s beau souvenir de ce concert.<\/p>\n<p>Nicolas Jaar a la classe je trouve.<\/p>\n","protected":false},"excerpt":{"rendered":"<p>\u00c7a a d\u00e9pot\u00e9 ce soir au concert de Nicolas Jaar \u00e0 St\u00e9r\u00e9olux ! Cela faisait un moment que j&rsquo;avais rep\u00e9r\u00e9 sa venue \u00e0 Nantes et j&rsquo;avais h\u00e2te d&rsquo;assister \u00e0 son concert. Premi\u00e8re question : o\u00f9 se placer ? Le dilemme. Les concerts comme ceux de Nicolas Jaar exigent une \u00e9coute attentive et un son de [&hellip;]<\/p>\n","protected":false},"author":1,"featured_media":0,"comment_status":"open","ping_status":"closed","sticky":false,"template":"","format":"standard","meta":{"_et_pb_use_builder":"","_et_pb_old_content":"","_et_gb_content_width":"","footnotes":""},"categories":[14],"tags":[],"_links":{"self":[{"href":"https:\/\/cequejevois.net\/blog\/wp-json\/wp\/v2\/posts\/1831"}],"collection":[{"href":"https:\/\/cequejevois.net\/blog\/wp-json\/wp\/v2\/posts"}],"about":[{"href":"https:\/\/cequejevois.net\/blog\/wp-json\/wp\/v2\/types\/post"}],"author":[{"embeddable":true,"href":"https:\/\/cequejevois.net\/blog\/wp-json\/wp\/v2\/users\/1"}],"replies":[{"embeddable":true,"href":"https:\/\/cequejevois.net\/blog\/wp-json\/wp\/v2\/comments?post=1831"}],"version-history":[{"count":2,"href":"https:\/\/cequejevois.net\/blog\/wp-json\/wp\/v2\/posts\/1831\/revisions"}],"predecessor-version":[{"id":1833,"href":"https:\/\/cequejevois.net\/blog\/wp-json\/wp\/v2\/posts\/1831\/revisions\/1833"}],"wp:attachment":[{"href":"https:\/\/cequejevois.net\/blog\/wp-json\/wp\/v2\/media?parent=1831"}],"wp:term":[{"taxonomy":"category","embeddable":true,"href":"https:\/\/cequejevois.net\/blog\/wp-json\/wp\/v2\/categories?post=1831"},{"taxonomy":"post_tag","embeddable":true,"href":"https:\/\/cequejevois.net\/blog\/wp-json\/wp\/v2\/tags?post=1831"}],"curies":[{"name":"wp","href":"https:\/\/api.w.org\/{rel}","templated":true}]}}