{"id":183,"date":"2011-03-22T13:06:40","date_gmt":"2011-03-22T12:06:40","guid":{"rendered":"http:\/\/cequejevois.net?p=183"},"modified":"2016-03-31T21:32:48","modified_gmt":"2016-03-31T19:32:48","slug":"le-mediateur-de-la-republique","status":"publish","type":"post","link":"https:\/\/cequejevois.net\/blog\/politique\/le-mediateur-de-la-republique\/","title":{"rendered":"Le m\u00e9diateur de la r\u00e9publique"},"content":{"rendered":"<p style=\"text-align: left;\">Ce matin j&rsquo;\u00e9coutais France Inter et l&rsquo;<a title=\"Jean-Paul Delevoye sur France Inter\" href=\"http:\/\/sites.radiofrance.fr\/franceinter\/em\/sept-neuf\/index.php?id=102745\">invit\u00e9 \u00e9tait Jean-Paul Delevoye<\/a>, l&rsquo;ancien <a title=\"site du M\u00e9diateur de la R\u00e9publique\" href=\"http:\/\/www.mediateur-republique.fr\/Accueil\">m\u00e9diateur de la R\u00e9publique<\/a>, qui venait de rendre <a title=\"le rapport 2010 du m\u00e9diateur de la R\u00e9publique\" href=\"http:\/\/www.mediateur-republique.fr\/fic_bdd\/pdf_fr_fichier\/1300292092_Mediateur_RA2010_VD.pdf\">son rapport annuel<\/a> (pdf, 4,4 Mo) au pr\u00e9sident de la R\u00e9publique.<\/p>\n<p style=\"text-align: left;\">J&rsquo;ai \u00e9t\u00e9 surpris par la clart\u00e9 et la v\u00e9rit\u00e9 de son propos mais aussi par l&rsquo;absence de langue de bois. Je suis tout \u00e0 fait d&rsquo;accord sur ce qu&rsquo;il dit des rapports de plus en plus violents entre les citoyens et surtout de leur d\u00e9shumanisation (centres d&rsquo;appel o\u00f9 il faut taper 1 puis 2&#8230;)<\/p>\n<p style=\"text-align: left;\">Je trouve que c&rsquo;est un mec qui a du bon sens et la bonne id\u00e9e de parler de politique sans qu&rsquo;elle soit partisane. La vraie politique quoi !<\/p>\n<p style=\"text-align: left;\">De part son r\u00f4le, il s&rsquo;est coltin\u00e9 pas mal de r\u00e9clamations en tout genre et en a retir\u00e9 des tendances g\u00e9n\u00e9rales sur l&rsquo;\u00e9volution de la soci\u00e9t\u00e9 fran\u00e7aise et son rapport \u00e0 l&rsquo;Administration ou l&rsquo;Etat. Le pacte r\u00e9publicain est en danger qu&rsquo;il dit.<\/p>\n<p style=\"text-align: left;\">On affectionne ou pas le c\u00f4t\u00e9 \u00ab\u00a0\u00e7a va p\u00eater\u00a0\u00bb que \u00a0certain ne manqueront pas de voir dans cette interview, moi <em>ce que je vois<\/em> avant tout c&rsquo;est quelqu&rsquo;un qui a la position d&rsquo;\u00eatre entendu par nos dirigeants et la l\u00e9gitimit\u00e9 de celui \u00e0 qui un grand nombre de personne s&rsquo;est adress\u00e9.<\/p>\n<p style=\"text-align: left;\">Je vous laisse juges :<\/p>\n<p><object width=\"480\" height=\"269\" align=\"center\"><param name=\"movie\" value=\"http:\/\/www.dailymotion.com\/swf\/video\/xhra1n\" \/><param name=\"allowFullScreen\" value=\"true\" \/><param name=\"allowScriptAccess\" value=\"always\" \/><param name=\"wmode\" value=\"transparent\" \/><embed type=\"application\/x-shockwave-flash\" width=\"480\" height=\"269\" src=\"http:\/\/www.dailymotion.com\/swf\/video\/xhra1n\" allowscriptaccess=\"always\" allowfullscreen=\"true\" wmode=\"transparent\"\/><\/object><br \/>\n<a href=\"http:\/\/www.dailymotion.com\/video\/xhra1n_jean-paul-delevoye_news\" target=\"_blank\">Jean-Paul Delevoye<\/a> <em>par <a href=\"http:\/\/www.dailymotion.com\/franceinter\" target=\"_blank\">franceinter<\/a><\/em><\/p>\n","protected":false},"excerpt":{"rendered":"<p>Ce matin j&rsquo;\u00e9coutais France Inter et l&rsquo;invit\u00e9 \u00e9tait Jean-Paul Delevoye, l&rsquo;ancien m\u00e9diateur de la R\u00e9publique, qui venait de rendre son rapport annuel (pdf, 4,4 Mo) au pr\u00e9sident de la R\u00e9publique. J&rsquo;ai \u00e9t\u00e9 surpris par la clart\u00e9 et la v\u00e9rit\u00e9 de son propos mais aussi par l&rsquo;absence de langue de bois. Je suis tout \u00e0 fait [&hellip;]<\/p>\n","protected":false},"author":1,"featured_media":0,"comment_status":"open","ping_status":"open","sticky":false,"template":"","format":"standard","meta":{"_et_pb_use_builder":"","_et_pb_old_content":"","_et_gb_content_width":"","footnotes":""},"categories":[40],"tags":[],"_links":{"self":[{"href":"https:\/\/cequejevois.net\/blog\/wp-json\/wp\/v2\/posts\/183"}],"collection":[{"href":"https:\/\/cequejevois.net\/blog\/wp-json\/wp\/v2\/posts"}],"about":[{"href":"https:\/\/cequejevois.net\/blog\/wp-json\/wp\/v2\/types\/post"}],"author":[{"embeddable":true,"href":"https:\/\/cequejevois.net\/blog\/wp-json\/wp\/v2\/users\/1"}],"replies":[{"embeddable":true,"href":"https:\/\/cequejevois.net\/blog\/wp-json\/wp\/v2\/comments?post=183"}],"version-history":[{"count":5,"href":"https:\/\/cequejevois.net\/blog\/wp-json\/wp\/v2\/posts\/183\/revisions"}],"predecessor-version":[{"id":1645,"href":"https:\/\/cequejevois.net\/blog\/wp-json\/wp\/v2\/posts\/183\/revisions\/1645"}],"wp:attachment":[{"href":"https:\/\/cequejevois.net\/blog\/wp-json\/wp\/v2\/media?parent=183"}],"wp:term":[{"taxonomy":"category","embeddable":true,"href":"https:\/\/cequejevois.net\/blog\/wp-json\/wp\/v2\/categories?post=183"},{"taxonomy":"post_tag","embeddable":true,"href":"https:\/\/cequejevois.net\/blog\/wp-json\/wp\/v2\/tags?post=183"}],"curies":[{"name":"wp","href":"https:\/\/api.w.org\/{rel}","templated":true}]}}