{"id":1515,"date":"2016-01-16T20:56:38","date_gmt":"2016-01-16T19:56:38","guid":{"rendered":"http:\/\/cequejevois.net\/?p=1515"},"modified":"2016-01-16T20:56:38","modified_gmt":"2016-01-16T19:56:38","slug":"so-you-can-feel","status":"publish","type":"post","link":"https:\/\/cequejevois.net\/blog\/expos\/so-you-can-feel\/","title":{"rendered":"So you can feel"},"content":{"rendered":"<p>Fin Novembre 2015, je d\u00e9jeunais avec une amie qui travaille au Th\u00e9\u00e2tre de la Bastille. Je ne suis pas tr\u00e8s th\u00e9\u00e2tre d&rsquo;habitude &#8211; plut\u00f4t danse &#8211; mais je dois avouer que j&rsquo;aime bien celui de la Bastille dont je d\u00e9couvre la programmation dans le cadre du festival d&rsquo;Automne de cette ann\u00e9e.<\/p>\n<p>Elle propose de m&rsquo;inviter le soir m\u00eame \u00e0 voir un spectacle auquel elle ne pourra assister mais qu&rsquo;elle me recommande.<\/p>\n<p>Je suis libre (tr\u00e8s libre) et accepte car adore ce genre d&rsquo;opportunit\u00e9. Et voil\u00e0 donc que je d\u00e9couvre Pieter Ampe dans son solo intitul\u00e9 \u00ab\u00a0<a href=\"http:\/\/www.theatre-bastille.com\/saison-13-14\/les-spectacles\/so-you-can-feel\">So you can feel<\/a>\u00a0\u00bb !<\/p>\n<div id=\"attachment_1516\" style=\"width: 510px\" class=\"wp-caption aligncenter\"><img loading=\"lazy\" decoding=\"async\" aria-describedby=\"caption-attachment-1516\" class=\"size-medium wp-image-1516\" src=\"https:\/\/cequejevois.net\/blog\/wp-content\/uploads\/2016\/01\/soyoucanfeel-500x750.jpg\" alt=\"Pieter Ampe dans So You Can Feel\" width=\"500\" height=\"750\" srcset=\"https:\/\/cequejevois.net\/blog\/wp-content\/uploads\/2016\/01\/soyoucanfeel-500x750.jpg 500w, https:\/\/cequejevois.net\/blog\/wp-content\/uploads\/2016\/01\/soyoucanfeel.jpg 533w\" sizes=\"(max-width: 500px) 100vw, 500px\" \/><p id=\"caption-attachment-1516\" class=\"wp-caption-text\">Pieter Ampe dans So You Can Feel<\/p><\/div>\n<p>Toujours difficile de d\u00e9crire un spectacle, le mieux est certainement de lire <a href=\"\/wp-content\/uploads\/2016\/01\/revue-presse-so-you-can-feel.pdf\" target=\"_blank\">l&rsquo;article du Monde sur le sujet<\/a> ou <a href=\"http:\/\/www.theatre-bastille.com\/media\/bastille\/8-so_you_can_feel_2014_pieter_ampe_campo_eng.pdf\" target=\"_blank\">celui du spectacle<\/a>. Quant \u00e0 moi, j&rsquo;ai beaucoup aim\u00e9 ce qu&rsquo;il a donn\u00e9 \u00e0 voir. Un peu d&rsquo;humour et une mise \u00e0 nu totale, au sens propre comme au figur\u00e9, de son envie d&rsquo;explorer la fronti\u00e8re entre le corps, l&rsquo;identit\u00e9 et la sexualit\u00e9.<\/p>\n<p>J&rsquo;ai lu des critiques qui expliquaient qu&rsquo;il se perdait dans la deuxi\u00e8me partie du spectacle lorsqu&rsquo;il se peignait en blanc de la t\u00eate au pieds. Moi c&rsquo;est au contraire celle que j&rsquo;ai pr\u00e9f\u00e9r\u00e9e car il ressortait une belle tristesse justement (et la musique de Nina Simone aidait grandement) de cette volont\u00e9 de gommer toute trace de son corps.<\/p>\n<p>Une belle soir\u00e9e improvis\u00e9e.<\/p>\n","protected":false},"excerpt":{"rendered":"<p>Fin Novembre 2015, je d\u00e9jeunais avec une amie qui travaille au Th\u00e9\u00e2tre de la Bastille. Je ne suis pas tr\u00e8s th\u00e9\u00e2tre d&rsquo;habitude &#8211; plut\u00f4t danse &#8211; mais je dois avouer que j&rsquo;aime bien celui de la Bastille dont je d\u00e9couvre la programmation dans le cadre du festival d&rsquo;Automne de cette ann\u00e9e. Elle propose de m&rsquo;inviter [&hellip;]<\/p>\n","protected":false},"author":1,"featured_media":0,"comment_status":"open","ping_status":"open","sticky":false,"template":"","format":"standard","meta":{"_et_pb_use_builder":"","_et_pb_old_content":"","_et_gb_content_width":"","footnotes":""},"categories":[16],"tags":[],"_links":{"self":[{"href":"https:\/\/cequejevois.net\/blog\/wp-json\/wp\/v2\/posts\/1515"}],"collection":[{"href":"https:\/\/cequejevois.net\/blog\/wp-json\/wp\/v2\/posts"}],"about":[{"href":"https:\/\/cequejevois.net\/blog\/wp-json\/wp\/v2\/types\/post"}],"author":[{"embeddable":true,"href":"https:\/\/cequejevois.net\/blog\/wp-json\/wp\/v2\/users\/1"}],"replies":[{"embeddable":true,"href":"https:\/\/cequejevois.net\/blog\/wp-json\/wp\/v2\/comments?post=1515"}],"version-history":[{"count":2,"href":"https:\/\/cequejevois.net\/blog\/wp-json\/wp\/v2\/posts\/1515\/revisions"}],"predecessor-version":[{"id":1520,"href":"https:\/\/cequejevois.net\/blog\/wp-json\/wp\/v2\/posts\/1515\/revisions\/1520"}],"wp:attachment":[{"href":"https:\/\/cequejevois.net\/blog\/wp-json\/wp\/v2\/media?parent=1515"}],"wp:term":[{"taxonomy":"category","embeddable":true,"href":"https:\/\/cequejevois.net\/blog\/wp-json\/wp\/v2\/categories?post=1515"},{"taxonomy":"post_tag","embeddable":true,"href":"https:\/\/cequejevois.net\/blog\/wp-json\/wp\/v2\/tags?post=1515"}],"curies":[{"name":"wp","href":"https:\/\/api.w.org\/{rel}","templated":true}]}}