{"id":1033,"date":"2013-08-30T22:54:11","date_gmt":"2013-08-30T20:54:11","guid":{"rendered":"http:\/\/cequejevois.net?p=1033"},"modified":"2015-07-25T00:56:39","modified_gmt":"2015-07-24T22:56:39","slug":"petite-annonce","status":"publish","type":"post","link":"https:\/\/cequejevois.net\/blog\/sortir\/petite-annonce\/","title":{"rendered":"petite annonce"},"content":{"rendered":"<p><em>Ce que je vois<\/em> coll\u00e9 sur une grande affiche publicitaire sur le quai du m\u00e9tro parisien Colonel Fabien.<\/p>\n<div id=\"attachment_1034\" style=\"width: 560px\" class=\"wp-caption aligncenter\"><a href=\"https:\/\/cequejevois.net\/blog\/wp-content\/uploads\/2013\/08\/IMG_1743.jpg\"><img loading=\"lazy\" decoding=\"async\" aria-describedby=\"caption-attachment-1034\" class=\"size-medium wp-image-1034\" alt=\"lettre d'amour dans le m\u00e9tro\" src=\"https:\/\/cequejevois.net\/blog\/wp-content\/uploads\/2013\/08\/IMG_1743-550x412.jpg\" width=\"550\" height=\"412\" srcset=\"https:\/\/cequejevois.net\/blog\/wp-content\/uploads\/2013\/08\/IMG_1743-550x412.jpg 550w, https:\/\/cequejevois.net\/blog\/wp-content\/uploads\/2013\/08\/IMG_1743-1024x768.jpg 1024w\" sizes=\"(max-width: 550px) 100vw, 550px\" \/><\/a><p id=\"caption-attachment-1034\" class=\"wp-caption-text\">lettre d&rsquo;amour dans le m\u00e9tro<\/p><\/div>\n<p>L&rsquo;histoire ne dit pas si la fille est venue au rendez-vous ou si elle a vu l&rsquo;affiche.<\/p>\n<p>Remarque : je suis pass\u00e9 \u00e0 cette station fin ao\u00fbt et le message mentionne le 23 juillet. J&rsquo;aime croire que les petits gars qui collent les affiches dans le m\u00e9tro se sont abstenus de recouvrir celle-l\u00e0 pendant un temps, par \u00e9gard d\u00fb au geste. Un coeur rouge entoure le papier \u00e9galement, peut-\u00eatre du rouge \u00e0 l\u00e8vre.<\/p>\n","protected":false},"excerpt":{"rendered":"<p>Ce que je vois coll\u00e9 sur une grande affiche publicitaire sur le quai du m\u00e9tro parisien Colonel Fabien. L&rsquo;histoire ne dit pas si la fille est venue au rendez-vous ou si elle a vu l&rsquo;affiche. Remarque : je suis pass\u00e9 \u00e0 cette station fin ao\u00fbt et le message mentionne le 23 juillet. J&rsquo;aime croire que [&hellip;]<\/p>\n","protected":false},"author":1,"featured_media":0,"comment_status":"open","ping_status":"open","sticky":false,"template":"","format":"standard","meta":{"_et_pb_use_builder":"","_et_pb_old_content":"","_et_gb_content_width":"","footnotes":""},"categories":[13],"tags":[],"_links":{"self":[{"href":"https:\/\/cequejevois.net\/blog\/wp-json\/wp\/v2\/posts\/1033"}],"collection":[{"href":"https:\/\/cequejevois.net\/blog\/wp-json\/wp\/v2\/posts"}],"about":[{"href":"https:\/\/cequejevois.net\/blog\/wp-json\/wp\/v2\/types\/post"}],"author":[{"embeddable":true,"href":"https:\/\/cequejevois.net\/blog\/wp-json\/wp\/v2\/users\/1"}],"replies":[{"embeddable":true,"href":"https:\/\/cequejevois.net\/blog\/wp-json\/wp\/v2\/comments?post=1033"}],"version-history":[{"count":4,"href":"https:\/\/cequejevois.net\/blog\/wp-json\/wp\/v2\/posts\/1033\/revisions"}],"predecessor-version":[{"id":1330,"href":"https:\/\/cequejevois.net\/blog\/wp-json\/wp\/v2\/posts\/1033\/revisions\/1330"}],"wp:attachment":[{"href":"https:\/\/cequejevois.net\/blog\/wp-json\/wp\/v2\/media?parent=1033"}],"wp:term":[{"taxonomy":"category","embeddable":true,"href":"https:\/\/cequejevois.net\/blog\/wp-json\/wp\/v2\/categories?post=1033"},{"taxonomy":"post_tag","embeddable":true,"href":"https:\/\/cequejevois.net\/blog\/wp-json\/wp\/v2\/tags?post=1033"}],"curies":[{"name":"wp","href":"https:\/\/api.w.org\/{rel}","templated":true}]}}