{"id":1026,"date":"2013-08-23T01:27:11","date_gmt":"2013-08-22T23:27:11","guid":{"rendered":"http:\/\/cequejevois.net?p=1026"},"modified":"2015-07-25T00:56:17","modified_gmt":"2015-07-24T22:56:17","slug":"la-peche-aux-sous","status":"publish","type":"post","link":"https:\/\/cequejevois.net\/blog\/sortir\/la-peche-aux-sous\/","title":{"rendered":"la p\u00eache aux sous"},"content":{"rendered":"<p>Une photo qui date d\u00e9j\u00e0 un peu et que j&rsquo;aime bien. J&rsquo;ai discut\u00e9 avec eux (on me reproche parfois de prendre trop de temps pour discuter avec les clodos) et leur ai montr\u00e9 la photo qu&rsquo;ils ont trouv\u00e9e \u00e0 leur go\u00fbt :<\/p>\n<p><a href=\"https:\/\/cequejevois.net\/blog\/wp-content\/uploads\/2013\/08\/2013-04-23-20.59.46.jpg\"><img loading=\"lazy\" decoding=\"async\" class=\"aligncenter size-medium wp-image-1025\" alt=\"2013-04-23 20.59.46\" src=\"https:\/\/cequejevois.net\/blog\/wp-content\/uploads\/2013\/08\/2013-04-23-20.59.46-550x412.jpg\" width=\"550\" height=\"412\" srcset=\"https:\/\/cequejevois.net\/blog\/wp-content\/uploads\/2013\/08\/2013-04-23-20.59.46-550x412.jpg 550w, https:\/\/cequejevois.net\/blog\/wp-content\/uploads\/2013\/08\/2013-04-23-20.59.46-1024x768.jpg 1024w\" sizes=\"(max-width: 550px) 100vw, 550px\" \/><\/a><\/p>\n<p>Le mec de gauche a un petit air de S\u00e9bastien Tellier je trouve.<\/p>\n","protected":false},"excerpt":{"rendered":"<p>Une photo qui date d\u00e9j\u00e0 un peu et que j&rsquo;aime bien. J&rsquo;ai discut\u00e9 avec eux (on me reproche parfois de prendre trop de temps pour discuter avec les clodos) et leur ai montr\u00e9 la photo qu&rsquo;ils ont trouv\u00e9e \u00e0 leur go\u00fbt : Le mec de gauche a un petit air de S\u00e9bastien Tellier je trouve.<\/p>\n","protected":false},"author":1,"featured_media":0,"comment_status":"open","ping_status":"open","sticky":false,"template":"","format":"standard","meta":{"_et_pb_use_builder":"","_et_pb_old_content":"","_et_gb_content_width":"","footnotes":""},"categories":[13],"tags":[],"_links":{"self":[{"href":"https:\/\/cequejevois.net\/blog\/wp-json\/wp\/v2\/posts\/1026"}],"collection":[{"href":"https:\/\/cequejevois.net\/blog\/wp-json\/wp\/v2\/posts"}],"about":[{"href":"https:\/\/cequejevois.net\/blog\/wp-json\/wp\/v2\/types\/post"}],"author":[{"embeddable":true,"href":"https:\/\/cequejevois.net\/blog\/wp-json\/wp\/v2\/users\/1"}],"replies":[{"embeddable":true,"href":"https:\/\/cequejevois.net\/blog\/wp-json\/wp\/v2\/comments?post=1026"}],"version-history":[{"count":5,"href":"https:\/\/cequejevois.net\/blog\/wp-json\/wp\/v2\/posts\/1026\/revisions"}],"predecessor-version":[{"id":1328,"href":"https:\/\/cequejevois.net\/blog\/wp-json\/wp\/v2\/posts\/1026\/revisions\/1328"}],"wp:attachment":[{"href":"https:\/\/cequejevois.net\/blog\/wp-json\/wp\/v2\/media?parent=1026"}],"wp:term":[{"taxonomy":"category","embeddable":true,"href":"https:\/\/cequejevois.net\/blog\/wp-json\/wp\/v2\/categories?post=1026"},{"taxonomy":"post_tag","embeddable":true,"href":"https:\/\/cequejevois.net\/blog\/wp-json\/wp\/v2\/tags?post=1026"}],"curies":[{"name":"wp","href":"https:\/\/api.w.org\/{rel}","templated":true}]}}